{"id":1884,"global_id":"www.oslivade.si?id=1884","global_id_lineage":["www.oslivade.si?id=1884"],"author":"1","status":"publish","date":"2018-11-21 13:50:04","date_utc":"2018-11-21 11:50:04","modified":"2018-11-23 13:01:10","modified_utc":"2018-11-23 11:01:10","url":"https:\/\/www.oslivade.si\/?tribe_events=tehnicni-dan-dan-sole-nadomescanje-24-12-2018","rest_url":"https:\/\/www.oslivade.si\/index.php?rest_route=\/tribe\/events\/v1\/events\/1884","title":"Tehni\u010dni dan &#8211; Dan \u0161ole (nadome\u0161\u010danje 24.12.2018)","description":"<p>V skladu s \u0161olskim koledarjem bomo 1.12. izvedli prvo delovno soboto v \u0161olskem letu 2018\/19.<\/p>\n<p>Izvedena bo kot tehni\u010dni dan, v okviru katerega bomo izdelovali okraske in okrasili \u0161olo.<\/p>","excerpt":"","slug":"tehnicni-dan-dan-sole-nadomescanje-24-12-2018","image":{"url":"https:\/\/www.oslivade.si\/wp-content\/uploads\/2018\/11\/pic-105.jpg","id":2188,"extension":"jpg","width":800,"height":534,"sizes":{"thumbnail":{"width":150,"height":150,"mime-type":"image\/jpeg","url":"https:\/\/www.oslivade.si\/wp-content\/uploads\/2018\/11\/pic-105-150x150.jpg"},"medium":{"width":300,"height":200,"mime-type":"image\/jpeg","url":"https:\/\/www.oslivade.si\/wp-content\/uploads\/2018\/11\/pic-105-300x200.jpg"},"large":{"width":800,"height":534,"mime-type":"image\/jpeg","url":"https:\/\/www.oslivade.si\/wp-content\/uploads\/2018\/11\/pic-105-800x534.jpg"},"post-thumbnail":{"width":150,"height":100,"mime-type":"image\/jpeg","url":"https:\/\/www.oslivade.si\/wp-content\/uploads\/2018\/11\/pic-105-150x100.jpg"},"superwise-featured-image":{"width":800,"height":430,"mime-type":"image\/jpeg","url":"https:\/\/www.oslivade.si\/wp-content\/uploads\/2018\/11\/pic-105-800x430.jpg"},"superwise-medium":{"width":768,"height":510,"mime-type":"image\/jpeg","url":"https:\/\/www.oslivade.si\/wp-content\/uploads\/2018\/11\/pic-105-768x510.jpg"},"1536x1536":{"width":800,"height":534,"mime-type":"image\/jpeg","url":"https:\/\/www.oslivade.si\/wp-content\/uploads\/2018\/11\/pic-105-800x534.jpg"},"2048x2048":{"width":800,"height":534,"mime-type":"image\/jpeg","url":"https:\/\/www.oslivade.si\/wp-content\/uploads\/2018\/11\/pic-105-800x534.jpg"},"superwise-square":{"width":768,"height":534,"mime-type":"image\/jpeg","url":"https:\/\/www.oslivade.si\/wp-content\/uploads\/2018\/11\/pic-105-768x534.jpg"},"superwise-square-small":{"width":420,"height":420,"mime-type":"image\/jpeg","url":"https:\/\/www.oslivade.si\/wp-content\/uploads\/2018\/11\/pic-105-420x420.jpg"},"advps-thumb-one":{"width":800,"height":400,"mime-type":"image\/jpeg","url":"https:\/\/www.oslivade.si\/wp-content\/uploads\/2018\/11\/pic-105-800x400.jpg"}}},"all_day":true,"start_date":"2018-12-01 00:00:00","start_date_details":{"year":"2018","month":"12","day":"01","hour":"00","minutes":"00","seconds":"00"},"end_date":"2018-12-01 23:59:59","end_date_details":{"year":"2018","month":"12","day":"01","hour":"23","minutes":"59","seconds":"59"},"utc_start_date":"2018-11-30 22:00:00","utc_start_date_details":{"year":"2018","month":"11","day":"30","hour":"22","minutes":"00","seconds":"00"},"utc_end_date":"2018-12-01 21:59:59","utc_end_date_details":{"year":"2018","month":"12","day":"01","hour":"21","minutes":"59","seconds":"59"},"timezone":"UTC+2","timezone_abbr":"UTC+2","cost":"","cost_details":{"currency_symbol":"","currency_code":"","currency_position":"prefix","values":[]},"website":"","show_map":false,"show_map_link":false,"hide_from_listings":false,"sticky":false,"featured":false,"categories":[{"name":"\u0160ola","slug":"sola","term_group":0,"term_taxonomy_id":8,"taxonomy":"tribe_events_cat","description":"","parent":0,"count":44,"filter":"raw","id":8,"urls":{"self":"https:\/\/www.oslivade.si\/index.php?rest_route=\/tribe\/events\/v1\/categories\/8","collection":"https:\/\/www.oslivade.si\/index.php?rest_route=\/tribe\/events\/v1\/categories"}}],"tags":[],"venue":[],"organizer":[],"json_ld":{"@context":"http:\/\/schema.org","@type":"Event","name":"Tehni\u010dni dan &#8211; Dan \u0161ole (nadome\u0161\u010danje 24.12.2018)","description":"&lt;p&gt;V skladu s \u0161olskim koledarjem bomo 1.12. izvedli prvo delovno soboto v \u0161olskem letu 2018\/19. Izvedena bo kot tehni\u010dni dan,&nbsp;&lt;a href=&quot;https:\/\/www.oslivade.si\/?tribe_events=tehnicni-dan-dan-sole-nadomescanje-24-12-2018&quot;&gt;&hellip;&lt;\/a&gt;&lt;\/p&gt;\\n","image":"https:\/\/www.oslivade.si\/wp-content\/uploads\/2018\/11\/pic-105.jpg","url":"https:\/\/www.oslivade.si\/?tribe_events=tehnicni-dan-dan-sole-nadomescanje-24-12-2018","eventAttendanceMode":"https:\/\/schema.org\/OfflineEventAttendanceMode","eventStatus":"https:\/\/schema.org\/EventScheduled","startDate":"2018-11-30T23:00:00+01:00","endDate":"2018-12-01T22:59:59+01:00","performer":"Organization"}}