{"id":17239,"date":"2024-12-23T13:08:03","date_gmt":"2024-12-23T12:08:03","guid":{"rendered":"https:\/\/www.oslivade.si\/?p=17239"},"modified":"2024-12-23T13:08:04","modified_gmt":"2024-12-23T12:08:04","slug":"polfinale-in-finale-v-akrobatiki","status":"publish","type":"post","link":"https:\/\/www.oslivade.si\/?p=17239","title":{"rendered":"Polfinale in finale v akrobatiki"},"content":{"rendered":"\n<p>V torek, \u00a05. 12. 2024, smo se udele\u017eili dr\u017eavnega polfinala v akrobatiki v \u0161portni dvorani O\u0160 Du\u0161ana Bordona. Mlaj\u0161e deklice <strong>Manja Tr\u010delj, Ma\u0161a Eva Veznaver, Lara Bonin, Mia \u0160krbina ter Maja Dudine<\/strong> \u00a0so z dobrimi nastopi zasedle 5. mesto. Tokrat so tekmovale tudi najmlaj\u0161e deklice <strong>Ula in Ina \u0160krbina, Sofija Zadnik, Noemi Horvat, Gloria Alao, Ema Zulian<\/strong> in bile odli\u010dne \u010detrte. Fante je zastopal <strong>Valentin Magazin<\/strong> in dobro konkuriral de\u010dkom iz klubov.<\/p>\n\n\n\n<p>Ekipa starej\u0161ih u\u010denk: <strong>\u0160pela Valen\u010di\u010d, Ema Akrapovi\u0107, Alja Poropat, Sofija \u0160mitran in Ma\u0161a Jurkovi\u010d<\/strong> so sko\u010dile na zmagovalni oder s tretjim mestom. <strong>Ma\u0161a Jurkovi\u010d <\/strong>pa med posameznicami kar na najvi\u0161jo stopni\u010dko. Obalna konkurenca je zdale\u010d najmo\u010dnej\u0161a, \u017eal pa v finale napredujeta le dve ekipi. Na\u0161a dekleta bi si po ogledu finalnih nastopov zaslu\u017eila tudi skupno tretje mesto. Je pa zato svojo polfinalno uvrstitev upravi\u010dila <strong>Ma\u0161a Jurkovi\u010d<\/strong> in na finalu na O\u0160 Koper 19. 12. 2024 le za desetinko zaostala za prvouvr\u0161\u010deno. Ker je Ma\u0161a \u0161ele sedmo\u0161olka, bomo o njenih uspehih zagotovo \u0161e poro\u010dali.<\/p>\n\n\n\n<p>Iskrene \u010destitke na\u0161im akrobatkam in akrobatu!!!<\/p>\n\n\n\n<figure class=\"wp-block-image size-full\"><img loading=\"lazy\" decoding=\"async\" width=\"369\" height=\"689\" src=\"https:\/\/www.oslivade.si\/wp-content\/uploads\/2024\/12\/Masa-Jurkovic-akrobatika-2024.png\" alt=\"\" class=\"wp-image-17240\" srcset=\"https:\/\/www.oslivade.si\/wp-content\/uploads\/2024\/12\/Masa-Jurkovic-akrobatika-2024.png 369w, https:\/\/www.oslivade.si\/wp-content\/uploads\/2024\/12\/Masa-Jurkovic-akrobatika-2024-161x300.png 161w, https:\/\/www.oslivade.si\/wp-content\/uploads\/2024\/12\/Masa-Jurkovic-akrobatika-2024-80x150.png 80w\" sizes=\"(max-width: 369px) 100vw, 369px\" \/><\/figure>\n\n\n\n<p>Sre\u010dno!\u00a0\u00a0\u00a0\u00a0\u00a0\u00a0\u00a0\u00a0\u00a0\u00a0\u00a0\u00a0\u00a0\u00a0\u00a0\u00a0\u00a0\u00a0\u00a0\u00a0\u00a0\u00a0\u00a0\u00a0\u00a0\u00a0\u00a0\u00a0\u00a0\u00a0\u00a0\u00a0\u00a0\u00a0\u00a0\u00a0\u00a0\u00a0\u00a0\u00a0\u00a0\u00a0\u00a0\u00a0\u00a0\u00a0\u00a0\u00a0\u00a0\u00a0\u00a0\u00a0\u00a0\u00a0\u00a0\u00a0\u00a0\u00a0\u00a0\u00a0\u00a0\u00a0\u00a0\u00a0\u00a0\u00a0\u00a0\u00a0\u00a0\u00a0\u00a0\u00a0\u00a0\u00a0\u00a0\u00a0\u00a0\u00a0\u00a0\u00a0\u00a0\u00a0\u00a0\u00a0\u00a0\u00a0\u00a0\u00a0\u00a0\u00a0\u00a0\u00a0\u00a0\u00a0\u00a0\u00a0 \u00a0\u00a0\u00a0\u00a0\u00a0\u00a0\u00a0\u00a0\u00a0\u00a0\u00a0\u00a0\u00a0\u00a0\u00a0\u00a0\u00a0\u00a0\u00a0\u00a0\u00a0\u00a0\u00a0\u00a0\u00a0\u00a0\u00a0\u00a0\u00a0\u00a0\u00a0\u00a0\u00a0\u00a0\u00a0\u00a0\u00a0\u00a0\u00a0\u00a0\u00a0\u00a0\u00a0<\/p>\n\n\n\n<p>\u0160portni aktiv<\/p>\n","protected":false},"excerpt":{"rendered":"<p>V torek, \u00a05. 12. 2024, smo se udele\u017eili dr\u017eavnega polfinala v akrobatiki v \u0161portni dvorani O\u0160 Du\u0161ana Bordona. Mlaj\u0161e deklice&nbsp;<a href=\"https:\/\/www.oslivade.si\/?p=17239\">&hellip;<\/a><\/p>\n","protected":false},"author":1,"featured_media":17241,"comment_status":"closed","ping_status":"closed","sticky":false,"template":"","format":"standard","meta":{"ngg_post_thumbnail":0,"footnotes":""},"categories":[3,37],"tags":[],"class_list":["post-17239","post","type-post","status-publish","format-standard","has-post-thumbnail","hentry","category-novice","category-novice2024","odd"],"_links":{"self":[{"href":"https:\/\/www.oslivade.si\/index.php?rest_route=\/wp\/v2\/posts\/17239"}],"collection":[{"href":"https:\/\/www.oslivade.si\/index.php?rest_route=\/wp\/v2\/posts"}],"about":[{"href":"https:\/\/www.oslivade.si\/index.php?rest_route=\/wp\/v2\/types\/post"}],"author":[{"embeddable":true,"href":"https:\/\/www.oslivade.si\/index.php?rest_route=\/wp\/v2\/users\/1"}],"replies":[{"embeddable":true,"href":"https:\/\/www.oslivade.si\/index.php?rest_route=%2Fwp%2Fv2%2Fcomments&post=17239"}],"version-history":[{"count":1,"href":"https:\/\/www.oslivade.si\/index.php?rest_route=\/wp\/v2\/posts\/17239\/revisions"}],"predecessor-version":[{"id":17242,"href":"https:\/\/www.oslivade.si\/index.php?rest_route=\/wp\/v2\/posts\/17239\/revisions\/17242"}],"wp:featuredmedia":[{"embeddable":true,"href":"https:\/\/www.oslivade.si\/index.php?rest_route=\/wp\/v2\/media\/17241"}],"wp:attachment":[{"href":"https:\/\/www.oslivade.si\/index.php?rest_route=%2Fwp%2Fv2%2Fmedia&parent=17239"}],"wp:term":[{"taxonomy":"category","embeddable":true,"href":"https:\/\/www.oslivade.si\/index.php?rest_route=%2Fwp%2Fv2%2Fcategories&post=17239"},{"taxonomy":"post_tag","embeddable":true,"href":"https:\/\/www.oslivade.si\/index.php?rest_route=%2Fwp%2Fv2%2Ftags&post=17239"}],"curies":[{"name":"wp","href":"https:\/\/api.w.org\/{rel}","templated":true}]}}