{"id":1757,"date":"2018-11-18T10:32:52","date_gmt":"2018-11-18T08:32:52","guid":{"rendered":"http:\/\/91.220.156.17\/?p=1757"},"modified":"2018-11-28T10:10:22","modified_gmt":"2018-11-28T08:10:22","slug":"izmenjava-z-valencio","status":"publish","type":"post","link":"https:\/\/www.oslivade.si\/?p=1757","title":{"rendered":"Izmenjava z Valencio"},"content":{"rendered":"<p>Slovenski osnovno\u0161olci O\u0160 Vojke \u0160muc in O\u0160 Livade Izola vra\u010dajo v tednu od, 15.10. do 22.10., svoj obisk \u0161panskim prijateljem, ki so Slovenijo obiskali v mesecu aprilu. 18 u\u010dencev iz Slovenije spoznava \u0161panski \u0161olski sistem, jezik, kulturo, \u017eivljenje vrstnikov v \u0160paniji in poglablja prijateljstvo v \u010dudovitem mestu Valencia.<\/p>\n<p>Prvi dan \u2013 torek \u2013 so nas \u0161panski u\u010denci sprejeli s programom, nato pa smo na \u0161oli v kraju Burjassot, kjer se nahaja \u0161ola \u0161panskih u\u010dencev, ustvarili vsak svojo pahlja\u010do. Pahlja\u010da je tipi\u010dni \u0161panski pripomo\u010dek za hlajenje obraza. Spoznali smo, da so dekleta v preteklosti uporabljala pahlja\u010do tudi kot pripomo\u010dek za sporazumevanje. Po delavnici smo se odpravili do centra mesta Burjassot in obiskali mestno hi\u0161o. Sprejel nas je \u017eupan. Poleg razlage zanimivih zgodovinskih dogodkov tega mesta je u\u010dence nagovoril, da je v \u017eivljenju pomembna izobrazba in \u0161irina posameznika. Pot smo ta dan nadaljevali v t.i. Casa de la cultura, Hi\u0161o kulture, kjer so nas seznanili z dejavnostmi, ki jih izvajajo v popoldanskem \u010dasu za vse starostne skupine.<\/p>\n<p>Drugi dan \u2013 sreda \u2013 obisk nacionalnega parka Albufera. Nacionalni park so u\u010denci lahko ob\u010dudovali iz tradiciolnalnih \u010dolnov, s katerimi so se popeljali mimo trsja in opazovali razli\u010dne pti\u010dje vrste. Na pla\u017ei so u\u010denci ustvarjali sklupture iz peska in se dru\u017eili med seboj.<\/p>\n<p>Tretji dan \u2013 \u010detrtek \u2013 smo se odpravili v najve\u010dji akvarij v Evropi \u2013 Oceanografik, ki se nahaja znotraj kompleksa La ciudad de las artes y las ciencias, t.i. Mesta umetnosti in znanosti. Trenutno je to edini akvarij v Evropi, ki ima beluge in mro\u017ee. Ena najbolj atraktivnih to\u010dk za u\u010dence je bila predstava delfinov. V muzeju znanosti smo se lahko preizkusili v mnogih interaktivnih nalogah. Nato smo si ogledali film o konstrukciji mostov in potresih v zanimivi stavbi Hemisferic, kjer je kar celoten strop platno samo.<\/p>\n<p>\u010cetrti, peti in \u0161esti dan \u2013 petek \u2013 soboto in nedeljo so u\u010denci pre\u017eiveli s svojimi \u0161panskimi prijatelji in dru\u017einami. V petek so v Valencii in njeni okolici zaprli nekatere \u0161ole zaradi napovedi velikih poplav. Nekateri u\u010denci so svoje vtise treh dneh opisali takole:<\/p>\n<p>\u010cetrti, peti in \u0161esti dan \u2013 v petek smo od\u0161li \u0161e z nekaterimi drugimi v nakupovalno sredi\u0161\u010de. V soboto smo naredili sprehod po Valencii in sem kupila nekaj spominkov. V nedeljo dopoldan smo se sprehodili po kraju Burjassot. Popoldan smo se zabavali na toboganih.<\/p>\n<p><em>Lana \u0160kropeta<\/em><\/p>\n<p>&#8220;\u010cetrti, peti in \u0161esti dan \u2013 v petek smo vsi iz izmenjave obiskali trgovski center v Turii. V soboto smo si z dru\u017eino ogledali mesto Valencia. Zve\u010der smo z nekaterimi ostalimi igrali bowling. V nedeljo smo od\u0161li na ogled pla\u017ee in popoldan v park Gulliver na tobogane.&#8221;<\/p>\n<p><em>Zala Medve\u0161\u010dek<\/em><\/p>\n<p>&#8220;Z dru\u017eino smo obiskali rojstni kraj mame moje \u0161panske prijateljice. Navdu\u0161ena sem bila nad obiskom parka Gulliver, kjer smo se lahko spu\u0161\u010dali po toboganih.&#8221;<\/p>\n<p><em>Lisa Garcia<\/em><\/p>\n<p>&#8220;Sedmi oz. zadnji dan \u2013 v ponedeljek smo si ogledali muzej Las fallas v Valencii. Las fallas je zelo znano praznovanje v mesecu marcu. Traja skoraj en teden in privabi veliko ljudi. Ljudje izdelajo skulpture iz voska, kartona, blaga \u2026 Vsaka izdelana \u00bblutka\u00ab ima svoje sporo\u010dilo. Po ogledu muzeja nas je turisti\u010dni avtobus popeljal po Valencii od znamenitosti do znamenitosti. Slovo od \u0161panskih prijateljev je pri\u0161lo prehitro. V enem tednu so se slovenski u\u010denci navezali na svoje prijatelje iz tujine, zato je bilo ob slovesu prelitih kar nekaj solza.&#8221;<\/p>\n<p>Hasta la vista. iY qu\u00e9 la amistad viva para siempre!<\/p>\n<p>Se vidimo. In naj prijateljstvo \u017eivi za vedno!<\/p>\nngg_shortcode_0_placeholder\n<p>Avtorica:&nbsp;Ma\u0161a Avsenak Zobec<\/p>\n","protected":false},"excerpt":{"rendered":"<p>Slovenski osnovno\u0161olci O\u0160 Vojke \u0160muc in O\u0160 Livade Izola vra\u010dajo v tednu od, 15.10. do 22.10., svoj obisk \u0161panskim prijateljem,&nbsp;<a href=\"https:\/\/www.oslivade.si\/?p=1757\">&hellip;<\/a><\/p>\n","protected":false},"author":1,"featured_media":1834,"comment_status":"closed","ping_status":"closed","sticky":false,"template":"","format":"standard","meta":{"ngg_post_thumbnail":0,"footnotes":""},"categories":[5,3,24],"tags":[],"class_list":["post-1757","post","type-post","status-publish","format-standard","has-post-thumbnail","hentry","category-galerija","category-novice","category-novice2018","odd"],"_links":{"self":[{"href":"https:\/\/www.oslivade.si\/index.php?rest_route=\/wp\/v2\/posts\/1757"}],"collection":[{"href":"https:\/\/www.oslivade.si\/index.php?rest_route=\/wp\/v2\/posts"}],"about":[{"href":"https:\/\/www.oslivade.si\/index.php?rest_route=\/wp\/v2\/types\/post"}],"author":[{"embeddable":true,"href":"https:\/\/www.oslivade.si\/index.php?rest_route=\/wp\/v2\/users\/1"}],"replies":[{"embeddable":true,"href":"https:\/\/www.oslivade.si\/index.php?rest_route=%2Fwp%2Fv2%2Fcomments&post=1757"}],"version-history":[{"count":10,"href":"https:\/\/www.oslivade.si\/index.php?rest_route=\/wp\/v2\/posts\/1757\/revisions"}],"predecessor-version":[{"id":3891,"href":"https:\/\/www.oslivade.si\/index.php?rest_route=\/wp\/v2\/posts\/1757\/revisions\/3891"}],"wp:featuredmedia":[{"embeddable":true,"href":"https:\/\/www.oslivade.si\/index.php?rest_route=\/wp\/v2\/media\/1834"}],"wp:attachment":[{"href":"https:\/\/www.oslivade.si\/index.php?rest_route=%2Fwp%2Fv2%2Fmedia&parent=1757"}],"wp:term":[{"taxonomy":"category","embeddable":true,"href":"https:\/\/www.oslivade.si\/index.php?rest_route=%2Fwp%2Fv2%2Fcategories&post=1757"},{"taxonomy":"post_tag","embeddable":true,"href":"https:\/\/www.oslivade.si\/index.php?rest_route=%2Fwp%2Fv2%2Ftags&post=1757"}],"curies":[{"name":"wp","href":"https:\/\/api.w.org\/{rel}","templated":true}]}}