{"id":17722,"date":"2025-06-16T12:06:01","date_gmt":"2025-06-16T11:06:01","guid":{"rendered":"https:\/\/www.oslivade.si\/?p=17722"},"modified":"2025-06-16T12:06:01","modified_gmt":"2025-06-16T11:06:01","slug":"logicna-posast-obiskala-naso-solo","status":"publish","type":"post","link":"https:\/\/www.oslivade.si\/?p=17722","title":{"rendered":"Logi\u010dna po\u0161ast obiskala na\u0161o \u0161olo!"},"content":{"rendered":"\n<p>Na \u0161oli smo v mesecu maju uspe\u0161no izvedli \u0161olsko in dr\u017eavno logi\u010dno tekmovanje Logi\u010dna po\u0161ast. Lahko bi rekla, da je tekmovanje \u017ee tradicionalno in pri nekaterih u\u010dencih zelo priljubljeno. Tekmovanje je namenjeno spodbujanju logi\u010dnega razmi\u0161ljanja, re\u0161evanja problemov in predvsem razvijanju veselja do miselnih izzivov.<br><br>Udele\u017eenci so se na tekmovanju spopadli z raznovrstnimi logi\u010dnimi nalogami, ki so vklju\u010devale vzorce, uganke, sklepanja in druge vrste izzivov, ki so terjali bistro glavo in potrpe\u017eljivost. Tekmovanje je potekalo v spro\u0161\u010denem, a tekmovalnem vzdu\u0161ju, kjer je bilo najpomembneje sodelovanje in trud, ki so ga u\u010denci vlo\u017eili v re\u0161evanje nalog.<br><br>Letos se je \u0161olskega tekmovanja udele\u017eilo 58 u\u010dencev od 1. do 9. razreda, kar ka\u017ee na veliko zanimanje za logiko in miselne igre med na\u0161imi u\u010denci. Pohvalo si zaslu\u017eijo prav vsi tekmovalci.<br><br><strong>Biserno \u0161olsko priznanje so dosegli<\/strong>: LEO Bizjak 1. a, AJLAN Kapi\u0107 1. a, NIKA Kri\u017eaj 1. a, JURIJ Raktelj 1. a, LUNA Glavi\u010d 1. b, LEONARD Japelj 1. b, ILARIA Novak 1. b, STA\u0160 Pevnik 1. b, AURORA Popovi\u0107 1. b, LUKA Slive\u010dko 1. b, TINE Stani\u010d 1. b, ARNAS Jasaitis 2. a, INA \u0160krbina 2. a, IAN Tosi\u0107 2. a, GLORIA Alao 2. b, ERIK \u010cernec 2. b, KATJA Kri\u017eman\u010di\u010d \u017derjal 2. b, ADAM Poto\u010dnjak 2. b, EMILIJA Rojc \u010car 3. a, IVA Selev\u0161ek 3. a, JULIJAN Filipin 3. b, RAFAEL Hrvatin 3. b, ARTUR Stefani 3. b, EMA Zadnik 4. a, ANAMARIJA Cenci\u010d 4. b, TEA Lenar\u010di\u010d 4. b, MARIA Mayorskaja 4. b, ADRIJUS Jasaitis 5. b, TIMOTEJ Stani\u010d 5. b, MA\u0160A Pi\u017eent 7. a, MARTIN Prodan 7. b, SAVVA Mayorskiy 8. a<br><br><strong>Bronasto \u0161olsko priznanje so dosegli<\/strong>: \u0160PELA Hribar 1. a, LUKA \u017dlogar 1. a, ZOJA Bizjak \u017duraj 1. b, MIA Jeli\u0107 1. b, MATIJA Krt 1. b, ENEJ Gomezelj 2. a, AURORA Slama 2. b, ADRIJAN Gregorovi\u010d 3. a, ZALA Margon 3. a, VALENTINA Ribalj\u010denko 3. a, ULA \u0160krbina 3. a, GABER Fran\u010de\u0161kin 4. b, ULA Runco 4. b, JA\u0160A Pevnik 5. b, KIM Uro\u0161evi\u010d 6. b, EMILY Alao 7. a, TINKARA Bo\u017ei\u010d 7. a, UR\u0160KA Fran\u010de\u0161kin 8.a, IRIS D\u017eamastagi\u0107 8. b, VALENTINA Slama 8. b, KAJA Patari\u010d 9. a, ROK Pi\u017eent 9. a, GAIA Pucer 9. b<br><br>Najuspe\u0161nej\u0161i u\u010denci so se uvrstili tudi na dr\u017eavno tekmovanje, kjer so imeli prilo\u017enost pokazati svoje znanje na \u0161e vi\u0161ji ravni. Tudi na dr\u017eavni ravni so u\u010denci dosegli izjemne rezultate.<br><br><strong>Zlata sta bila:<\/strong><br>ARNAS Jasaitis 2.a<br>IVA Selev\u0161ek 3.a<br><br><strong>Srebrni pa:<\/strong><br>LEO Bizjak 1.a<br>STA\u0160 Pevnik 1.b<br>ADRIJUS Jasaitis 5.b<br><br>Vsem udele\u017eencem iskreno \u010destitam.<br><br>Naj Logi\u010dna po\u0161ast \u0161e naprej navdihuje va\u0161o radovednost in miselno ustvarjalnost!<br>Metka Burin<br><\/p>\n\n\n\n<figure class=\"wp-block-image size-large\"><img loading=\"lazy\" decoding=\"async\" width=\"787\" height=\"707\" src=\"https:\/\/www.oslivade.si\/wp-content\/uploads\/2025\/06\/LP-Maria-M-787x707.jpg\" alt=\"\" class=\"wp-image-17723\" srcset=\"https:\/\/www.oslivade.si\/wp-content\/uploads\/2025\/06\/LP-Maria-M.jpg 787w, https:\/\/www.oslivade.si\/wp-content\/uploads\/2025\/06\/LP-Maria-M-300x270.jpg 300w\" sizes=\"(max-width: 787px) 100vw, 787px\" \/><\/figure>\n","protected":false},"excerpt":{"rendered":"<p>Na \u0161oli smo v mesecu maju uspe\u0161no izvedli \u0161olsko in dr\u017eavno logi\u010dno tekmovanje Logi\u010dna po\u0161ast. Lahko bi rekla, da je&nbsp;<a href=\"https:\/\/www.oslivade.si\/?p=17722\">&hellip;<\/a><\/p>\n","protected":false},"author":1,"featured_media":17724,"comment_status":"closed","ping_status":"closed","sticky":false,"template":"","format":"standard","meta":{"ngg_post_thumbnail":0,"footnotes":""},"categories":[3,39],"tags":[],"class_list":["post-17722","post","type-post","status-publish","format-standard","has-post-thumbnail","hentry","category-novice","category-novice2025","odd"],"_links":{"self":[{"href":"https:\/\/www.oslivade.si\/index.php?rest_route=\/wp\/v2\/posts\/17722"}],"collection":[{"href":"https:\/\/www.oslivade.si\/index.php?rest_route=\/wp\/v2\/posts"}],"about":[{"href":"https:\/\/www.oslivade.si\/index.php?rest_route=\/wp\/v2\/types\/post"}],"author":[{"embeddable":true,"href":"https:\/\/www.oslivade.si\/index.php?rest_route=\/wp\/v2\/users\/1"}],"replies":[{"embeddable":true,"href":"https:\/\/www.oslivade.si\/index.php?rest_route=%2Fwp%2Fv2%2Fcomments&post=17722"}],"version-history":[{"count":1,"href":"https:\/\/www.oslivade.si\/index.php?rest_route=\/wp\/v2\/posts\/17722\/revisions"}],"predecessor-version":[{"id":17725,"href":"https:\/\/www.oslivade.si\/index.php?rest_route=\/wp\/v2\/posts\/17722\/revisions\/17725"}],"wp:featuredmedia":[{"embeddable":true,"href":"https:\/\/www.oslivade.si\/index.php?rest_route=\/wp\/v2\/media\/17724"}],"wp:attachment":[{"href":"https:\/\/www.oslivade.si\/index.php?rest_route=%2Fwp%2Fv2%2Fmedia&parent=17722"}],"wp:term":[{"taxonomy":"category","embeddable":true,"href":"https:\/\/www.oslivade.si\/index.php?rest_route=%2Fwp%2Fv2%2Fcategories&post=17722"},{"taxonomy":"post_tag","embeddable":true,"href":"https:\/\/www.oslivade.si\/index.php?rest_route=%2Fwp%2Fv2%2Ftags&post=17722"}],"curies":[{"name":"wp","href":"https:\/\/api.w.org\/{rel}","templated":true}]}}