{"id":17734,"date":"2025-06-20T11:59:24","date_gmt":"2025-06-20T10:59:24","guid":{"rendered":"https:\/\/www.oslivade.si\/?p=17734"},"modified":"2025-06-20T11:59:59","modified_gmt":"2025-06-20T10:59:59","slug":"odlicni-rezultati-na-cankarjevem-tekmovanju","status":"publish","type":"post","link":"https:\/\/www.oslivade.si\/?p=17734","title":{"rendered":"Odli\u010dni rezultati na Cankarjevem tekmovanju"},"content":{"rendered":"\n<p>V leto\u0161njem \u0161olskem letu so u\u010denke in u\u010denci v okviru Cankarjevega tekmovanja prebrali fantazijski roman \u0160pele Frlic Ble\u0161\u010divka. <br><br>Roman Ble\u0161\u010divka je napeta zgodba o nenavadnih dogodkih pa tudi zgodba o strahu, ki zraste iz predsodkov do vsega, kar je druga\u010dno, tuje ali nenavadno. Nenazadnje je to tudi zgodba o tem, kako tak strah lahko premagamo. Fantasti\u010dni roman odpira pomembna vpra\u0161anja o zaupanju, razumevanju, sprejemanju razli\u010dnosti in strpnosti. Vsebuje pomembno sporo\u010dilo: strah in nestrpnost se za\u017ereta v vse pore dru\u017ebe in onemogo\u010dita normalno delovanje kolektiva. Pove pa tudi, da se da meglo (in skrhane odnose, bi lahko dodali) z glasbo in sodelovanjem za vselej odgnati stran.<br><br>O vsem tem so v razpravljalnem spisu razpravljali <strong>Ajda Glogov\u0161ek, Julija Raktelj, Kasper Sino\u017ei\u0107, Anaja Jev\u0161nik in Lucija Nanut<\/strong>, ki so se v torek, 21. januarja 2025, udele\u017eili <strong>regijskega Cankarjevega tekmovanja<\/strong>, ki je potekalo na Osnovni \u0161oli Oskarja Kova\u010di\u010da \u0160kofije. <strong>Julija Raktelj, Kasper Sino\u017ei\u0107 in Lucija Nanut so osvojili bronasto priznanje, Ajda Glogov\u0161ek\u00a0<\/strong>in <strong>Anaja Jev\u0161nik sta se uvrstili na dr\u017eavno Cankarjevo tekmovanje, <\/strong>ki je potekalo11. marca 2025 nas \u0160olskem centru Nova Gorica.\u00a0\u00a0Anaja in Ajda sta v spisu razmi\u0161ljali o temnih in svetlih plateh \u017eivljenja, o pomenu zgodb in umetnosti, sodelovanja in prijateljstva. Osvojili sta srebrno Cankarjevo priznanje.<\/p>\n\n\n\n<p>Vsem ISKRENE \u010cESTITKE!<\/p>\n\n\n\n<p>Mentorica Sara Kro\u0161elj<\/p>\n\n\n\nngg_shortcode_0_placeholder\n","protected":false},"excerpt":{"rendered":"<p>V leto\u0161njem \u0161olskem letu so u\u010denke in u\u010denci v okviru Cankarjevega tekmovanja prebrali fantazijski roman \u0160pele Frlic Ble\u0161\u010divka. Roman Ble\u0161\u010divka&nbsp;<a href=\"https:\/\/www.oslivade.si\/?p=17734\">&hellip;<\/a><\/p>\n","protected":false},"author":1,"featured_media":4603,"comment_status":"closed","ping_status":"closed","sticky":false,"template":"","format":"standard","meta":{"ngg_post_thumbnail":0,"footnotes":""},"categories":[3,39],"tags":[],"class_list":["post-17734","post","type-post","status-publish","format-standard","has-post-thumbnail","hentry","category-novice","category-novice2025","odd"],"_links":{"self":[{"href":"https:\/\/www.oslivade.si\/index.php?rest_route=\/wp\/v2\/posts\/17734"}],"collection":[{"href":"https:\/\/www.oslivade.si\/index.php?rest_route=\/wp\/v2\/posts"}],"about":[{"href":"https:\/\/www.oslivade.si\/index.php?rest_route=\/wp\/v2\/types\/post"}],"author":[{"embeddable":true,"href":"https:\/\/www.oslivade.si\/index.php?rest_route=\/wp\/v2\/users\/1"}],"replies":[{"embeddable":true,"href":"https:\/\/www.oslivade.si\/index.php?rest_route=%2Fwp%2Fv2%2Fcomments&post=17734"}],"version-history":[{"count":2,"href":"https:\/\/www.oslivade.si\/index.php?rest_route=\/wp\/v2\/posts\/17734\/revisions"}],"predecessor-version":[{"id":17741,"href":"https:\/\/www.oslivade.si\/index.php?rest_route=\/wp\/v2\/posts\/17734\/revisions\/17741"}],"wp:featuredmedia":[{"embeddable":true,"href":"https:\/\/www.oslivade.si\/index.php?rest_route=\/wp\/v2\/media\/4603"}],"wp:attachment":[{"href":"https:\/\/www.oslivade.si\/index.php?rest_route=%2Fwp%2Fv2%2Fmedia&parent=17734"}],"wp:term":[{"taxonomy":"category","embeddable":true,"href":"https:\/\/www.oslivade.si\/index.php?rest_route=%2Fwp%2Fv2%2Fcategories&post=17734"},{"taxonomy":"post_tag","embeddable":true,"href":"https:\/\/www.oslivade.si\/index.php?rest_route=%2Fwp%2Fv2%2Ftags&post=17734"}],"curies":[{"name":"wp","href":"https:\/\/api.w.org\/{rel}","templated":true}]}}