{"id":17742,"date":"2025-06-23T13:41:02","date_gmt":"2025-06-23T12:41:02","guid":{"rendered":"https:\/\/www.oslivade.si\/?p=17742"},"modified":"2025-06-23T13:41:02","modified_gmt":"2025-06-23T12:41:02","slug":"poslanica-ministra-ob-koncu-solskega-leta","status":"publish","type":"post","link":"https:\/\/www.oslivade.si\/?p=17742","title":{"rendered":"Poslanica ministra ob koncu \u0161olskega leta"},"content":{"rendered":"\n<p>Drage u\u010denke in u\u010denci, dijakinje in dijaki, spo\u0161tovane u\u010diteljice in u\u010ditelji, vzgojiteljice in vzgojitelji, ravnateljice in ravnatelji ter ostali zaposleni v vzgoji in izobra\u017eevanju, spo\u0161tovani star\u0161i.<\/p>\n\n\n\n<p>Smo pri zaklju\u010dku \u0161e enega \u0161olskega leta, ki ga poleg radostnega vznemirjenja ob prihajajo\u010dih poletnih dneh zaznamujejo tudi \u0161olska spri\u010devala. Nekateri ste uspehe dosegli z manj truda, drugi ste v \u0161olsko delo vlo\u017eili velike napore, nekateri pa imate pred seboj \u0161e kak\u0161en izziv, za katerega verjamem, da ga lahko premagate.<\/p>\n\n\n\n<p>Preizku\u0161nje in izzivi so na\u0161i stalni spremljevalci, trud in volja pa edina zaveznika pri premagovanju ovir &#8211; to velja tako v \u0161oli kot v \u017eivljenju na splo\u0161no. To je za ve\u010dino v \u0161oli veljalo tudi v iztekajo\u010dem \u0161olskem letu. To \u017eelim poudariti, ker tudi sam verjamem oziroma vem, da je podro\u010dje vzgoje in izobra\u017eevanja temelj vsake dru\u017ebe, saj se v \u0161olskem prostoru krepijo vrednote, bogati znanje in pridobivajo ve\u0161\u010dine mladih, ki bodo v prihodnosti prevzemali aktivno vlogo. Tudi v bodo\u010de bomo potrebovali odgovorne, empati\u010dne in samozavestne dr\u017eavljane, ki jih ne vodijo le osebne ambicije,&nbsp; temve\u010d se zavedajo pomena svoje vloge pri \u017eivljenju v solidarni skupnosti.<\/p>\n\n\n\n<p>Drage u\u010denke in u\u010denci, dijakinje in dijaki. \u010cestitam vam za vse dose\u017eke ob zaklju\u010dku \u0161olskega leta. Verjetno je va\u0161e uspehe spremljal tudi kak\u0161en neuspeh, morda ste se soo\u010dili z na videz nere\u0161ljivim izzivom in negotovostjo. Pomembno je, da na poti do cilja vztrajali. Prav obdobja negotovosti, napora in vztrajnosti so namre\u010d tista, zaradi katerih lahko cenimo dragocene trenutke zmag, dose\u017ekov in osebne rasti. Vrednost uspeha namre\u010d ni zgolj v rezultatu, temve\u010d tudi v poti, ki smo jo prehodili.<\/p>\n\n\n\n<p>Spo\u0161tovani star\u0161i. Sodelovanje s \u0161olo in pozitiven pogled na \u0161olo je temelj za uspe\u0161no delo vsakega u\u010denca ali dijaka. \u010ceprav se pogledi na delo v \u0161oli v\u010dasih razlikujejo, sta pomembna pogovor in zaupanje. Hvala vsem, ki ste se trudili v skupno dobro.<\/p>\n\n\n\n<p>Spo\u0161tovani u\u010diteljice in u\u010ditelji, vzgojiteljice in vzgojitelji, ravnatelji in vsi zaposleni v vzgoji in izobra\u017eevanju. Dru\u017ebene spremembe so vse hitrej\u0161e in manj predvidljive, to pa od nas terja spremembe in prilagodljivost. Ko govorimo o sistemu vzgoje in izobra\u017eevanja, vemo, da mora odra\u017eati stabilnost in predvidljivost, zaradi \u010desar je va\u0161a in na\u0161a vloga \u0161e toliko bolj zahtevna. Prav zato kljub mnogim pozivom k hitrim re\u0161itvam posodobitve uvajamo na podlagi poglobljenih razmislekov in v sodelovanju z vsemi klju\u010dnimi dele\u017eniki v sistemu vzgoje in izobra\u017eevanja. Veseli me, da smo v leto\u0161njem \u0161olskem letu skupaj uspeli za\u010drtati mnoge pomembne spremembe, tako na podro\u010dju organizacije in stabilnega financiranja razvoja sistema vzgoje in izobra\u017eevanja, kot tudi na podro\u010dju krepitve varnega in spodbudnega u\u010dnega okolja. Verjamem, da bodo sistemskim re\u0161itvam tudi v praksi sledile spremembe pri zagotavljanja sodobnega, odpornega in trajnostno naravnanega sistema vzgoje in izobra\u017eevanja. Hvala vam za predanost, trud in opravljeno delo.<\/p>\n\n\n\n<p>Naj bo poletje za vse \u010das, ko boste u\u010dbenike zamenjali s knjigami, ki vas bodo ob branju zabavale. \u010cas, ko bodo dnevi tekli brez budilke in urnika. \u010cas, ki bo krepil medsebojne odnose in sprostil slehernega posameznika.<\/p>\n\n\n\n<p>Sre\u010dno.<br>S spo\u0161tovanjem,<\/p>\n\n\n\n<p>Vinko Logaj,<br>minister za vzgojo in izobra\u017eevanje<\/p>\n","protected":false},"excerpt":{"rendered":"<p>Drage u\u010denke in u\u010denci, dijakinje in dijaki, spo\u0161tovane u\u010diteljice in u\u010ditelji, vzgojiteljice in vzgojitelji, ravnateljice in ravnatelji ter ostali zaposleni&nbsp;<a href=\"https:\/\/www.oslivade.si\/?p=17742\">&hellip;<\/a><\/p>\n","protected":false},"author":1,"featured_media":709,"comment_status":"closed","ping_status":"closed","sticky":false,"template":"","format":"standard","meta":{"ngg_post_thumbnail":0,"footnotes":""},"categories":[3,39],"tags":[],"class_list":["post-17742","post","type-post","status-publish","format-standard","has-post-thumbnail","hentry","category-novice","category-novice2025","odd"],"_links":{"self":[{"href":"https:\/\/www.oslivade.si\/index.php?rest_route=\/wp\/v2\/posts\/17742"}],"collection":[{"href":"https:\/\/www.oslivade.si\/index.php?rest_route=\/wp\/v2\/posts"}],"about":[{"href":"https:\/\/www.oslivade.si\/index.php?rest_route=\/wp\/v2\/types\/post"}],"author":[{"embeddable":true,"href":"https:\/\/www.oslivade.si\/index.php?rest_route=\/wp\/v2\/users\/1"}],"replies":[{"embeddable":true,"href":"https:\/\/www.oslivade.si\/index.php?rest_route=%2Fwp%2Fv2%2Fcomments&post=17742"}],"version-history":[{"count":1,"href":"https:\/\/www.oslivade.si\/index.php?rest_route=\/wp\/v2\/posts\/17742\/revisions"}],"predecessor-version":[{"id":17743,"href":"https:\/\/www.oslivade.si\/index.php?rest_route=\/wp\/v2\/posts\/17742\/revisions\/17743"}],"wp:featuredmedia":[{"embeddable":true,"href":"https:\/\/www.oslivade.si\/index.php?rest_route=\/wp\/v2\/media\/709"}],"wp:attachment":[{"href":"https:\/\/www.oslivade.si\/index.php?rest_route=%2Fwp%2Fv2%2Fmedia&parent=17742"}],"wp:term":[{"taxonomy":"category","embeddable":true,"href":"https:\/\/www.oslivade.si\/index.php?rest_route=%2Fwp%2Fv2%2Fcategories&post=17742"},{"taxonomy":"post_tag","embeddable":true,"href":"https:\/\/www.oslivade.si\/index.php?rest_route=%2Fwp%2Fv2%2Ftags&post=17742"}],"curies":[{"name":"wp","href":"https:\/\/api.w.org\/{rel}","templated":true}]}}