{"id":17779,"date":"2025-08-25T14:32:43","date_gmt":"2025-08-25T13:32:43","guid":{"rendered":"https:\/\/www.oslivade.si\/?p=17779"},"modified":"2025-08-25T14:32:43","modified_gmt":"2025-08-25T13:32:43","slug":"prvi-solski-dan-4","status":"publish","type":"post","link":"https:\/\/www.oslivade.si\/?p=17779","title":{"rendered":"Prvi \u0161olski dan"},"content":{"rendered":"\n<p>Drage u\u010denke, dragi u\u010denci, spo\u0161tovani star\u0161i,<\/p>\n\n\n\n<p>po\u010ditnice se zaklju\u010dujejo in <strong>v ponedeljek, 1. 9. 2025<\/strong>, se za\u010denja novo \u0161olsko leto, ko bomo obrnili nov, nepopisan list.<\/p>\n\n\n\n<p><strong>Prvi \u0161olski dan bo za u\u010dence od 2. do 9. razreda potekal od 8.20 dalje po urniku<\/strong>, <span style=\"text-decoration: underline;\">ki ga bodo u\u010denci prejeli istega dne in bo objavljen na spletni strani \u0161ole<\/span>. Izbirni predmeti prvi \u0161olski dan odpadejo.<br><strong>U\u010denci od 2. do 9. razreda prinesite s seboj torbo s \u0161olskimi potreb\u0161\u010dinami in \u0161olske copate.<\/strong><\/p>\n\n\n\n<p>Razpored u\u010dilnic bo objavljen na \u0161olskih vratih prvi \u0161olski dan. Po pouku bo organizirano podalj\u0161ano bivanje. Prav tako bosta na \u0161oli organizirani malica in kosilo za vse prijavljene u\u010dence.<\/p>\n\n\n\n<p>Jutranj\u010dek (jutranje varstvo) se za\u010dne v TOREK, 2. 9. 2025, od 6.15 dalje.<br><br>Veselimo se prihoda vseh u\u010denk in u\u010dencev. V \u0161olsko skupnost bomo sprejeli 42 nasmejanih prvo\u0161olk in prvo\u0161olcev, ki bodo letos prvi\u010d prestopili \u0161olski prag. <strong>Sprejem prvo\u0161olcev s star\u0161i se bo za\u010del ob 10.00.<\/strong><br>Ob 12.00 so vsi prvo\u0161olci skupaj s star\u0161i vljudno vabljeni na sprejem k \u017eupanu, ki bo na plo\u0161\u010dadi Srednje <br>\u0161ole Izola.<br><br>Dobrodo\u0161li spet v \u0161oli!<\/p>\n","protected":false},"excerpt":{"rendered":"<p>Drage u\u010denke, dragi u\u010denci, spo\u0161tovani star\u0161i, po\u010ditnice se zaklju\u010dujejo in v ponedeljek, 1. 9. 2025, se za\u010denja novo \u0161olsko leto,&nbsp;<a href=\"https:\/\/www.oslivade.si\/?p=17779\">&hellip;<\/a><\/p>\n","protected":false},"author":1,"featured_media":3923,"comment_status":"closed","ping_status":"closed","sticky":false,"template":"","format":"standard","meta":{"ngg_post_thumbnail":0,"footnotes":""},"categories":[3,39],"tags":[],"class_list":["post-17779","post","type-post","status-publish","format-standard","has-post-thumbnail","hentry","category-novice","category-novice2025","odd"],"_links":{"self":[{"href":"https:\/\/www.oslivade.si\/index.php?rest_route=\/wp\/v2\/posts\/17779"}],"collection":[{"href":"https:\/\/www.oslivade.si\/index.php?rest_route=\/wp\/v2\/posts"}],"about":[{"href":"https:\/\/www.oslivade.si\/index.php?rest_route=\/wp\/v2\/types\/post"}],"author":[{"embeddable":true,"href":"https:\/\/www.oslivade.si\/index.php?rest_route=\/wp\/v2\/users\/1"}],"replies":[{"embeddable":true,"href":"https:\/\/www.oslivade.si\/index.php?rest_route=%2Fwp%2Fv2%2Fcomments&post=17779"}],"version-history":[{"count":1,"href":"https:\/\/www.oslivade.si\/index.php?rest_route=\/wp\/v2\/posts\/17779\/revisions"}],"predecessor-version":[{"id":17780,"href":"https:\/\/www.oslivade.si\/index.php?rest_route=\/wp\/v2\/posts\/17779\/revisions\/17780"}],"wp:featuredmedia":[{"embeddable":true,"href":"https:\/\/www.oslivade.si\/index.php?rest_route=\/wp\/v2\/media\/3923"}],"wp:attachment":[{"href":"https:\/\/www.oslivade.si\/index.php?rest_route=%2Fwp%2Fv2%2Fmedia&parent=17779"}],"wp:term":[{"taxonomy":"category","embeddable":true,"href":"https:\/\/www.oslivade.si\/index.php?rest_route=%2Fwp%2Fv2%2Fcategories&post=17779"},{"taxonomy":"post_tag","embeddable":true,"href":"https:\/\/www.oslivade.si\/index.php?rest_route=%2Fwp%2Fv2%2Ftags&post=17779"}],"curies":[{"name":"wp","href":"https:\/\/api.w.org\/{rel}","templated":true}]}}