{"id":18215,"date":"2026-03-12T13:00:15","date_gmt":"2026-03-12T12:00:15","guid":{"rendered":"https:\/\/www.oslivade.si\/?p=18215"},"modified":"2026-03-12T13:00:15","modified_gmt":"2026-03-12T12:00:15","slug":"govorilne-ure-12-3-2026","status":"publish","type":"post","link":"https:\/\/www.oslivade.si\/?p=18215","title":{"rendered":"Govorilne ure 12. 3. 2026"},"content":{"rendered":"\n<p>Spo\u0161tovani star\u0161i in skrbniki.<\/p>\n\n\n\n<p>Na dana\u0161nji dan bodo potekale popoldanske govorilne ure, in sicer od 17.00-19.00 za razredno stopnjo in od 18.00-20.00 za predmetno stopnjo. <strong><a href=\"https:\/\/www.oslivade.si\/wp-content\/uploads\/2026\/03\/POPOLDANSKE-GOVORILNE-URE-MAREC.pdf\" data-type=\"link\" data-id=\"https:\/\/www.oslivade.si\/wp-content\/uploads\/2026\/03\/POPOLDANSKE-GOVORILNE-URE-MAREC.pdf\" target=\"_blank\" rel=\"noreferrer noopener\">Razpored u\u010dilnic in kabinetov preverite tukaj<\/a>.<\/strong><\/p>\n\n\n\n<p>Odsotni bodo naslednji u\u010ditelji: <strong>Ines Cokan, Biserka Grabar, Ana Lon\u010dar, Marija \u017duni\u0107 Negro.<\/strong><\/p>\n\n\n\n<p>Lep pozdrav,<\/p>\n\n\n\n<p>Sara Kro\u0161elj, pomo\u010dnica ravnateljice Osnovne \u0161ole Livade Izola<\/p>\n","protected":false},"excerpt":{"rendered":"<p>Spo\u0161tovani star\u0161i in skrbniki. Na dana\u0161nji dan bodo potekale popoldanske govorilne ure, in sicer od 17.00-19.00 za razredno stopnjo in&nbsp;<a href=\"https:\/\/www.oslivade.si\/?p=18215\">&hellip;<\/a><\/p>\n","protected":false},"author":1,"featured_media":1922,"comment_status":"closed","ping_status":"closed","sticky":false,"template":"","format":"standard","meta":{"ngg_post_thumbnail":0,"footnotes":""},"categories":[3,40],"tags":[],"class_list":["post-18215","post","type-post","status-publish","format-standard","has-post-thumbnail","hentry","category-novice","category-novice2026","odd"],"_links":{"self":[{"href":"https:\/\/www.oslivade.si\/index.php?rest_route=\/wp\/v2\/posts\/18215"}],"collection":[{"href":"https:\/\/www.oslivade.si\/index.php?rest_route=\/wp\/v2\/posts"}],"about":[{"href":"https:\/\/www.oslivade.si\/index.php?rest_route=\/wp\/v2\/types\/post"}],"author":[{"embeddable":true,"href":"https:\/\/www.oslivade.si\/index.php?rest_route=\/wp\/v2\/users\/1"}],"replies":[{"embeddable":true,"href":"https:\/\/www.oslivade.si\/index.php?rest_route=%2Fwp%2Fv2%2Fcomments&post=18215"}],"version-history":[{"count":1,"href":"https:\/\/www.oslivade.si\/index.php?rest_route=\/wp\/v2\/posts\/18215\/revisions"}],"predecessor-version":[{"id":18217,"href":"https:\/\/www.oslivade.si\/index.php?rest_route=\/wp\/v2\/posts\/18215\/revisions\/18217"}],"wp:featuredmedia":[{"embeddable":true,"href":"https:\/\/www.oslivade.si\/index.php?rest_route=\/wp\/v2\/media\/1922"}],"wp:attachment":[{"href":"https:\/\/www.oslivade.si\/index.php?rest_route=%2Fwp%2Fv2%2Fmedia&parent=18215"}],"wp:term":[{"taxonomy":"category","embeddable":true,"href":"https:\/\/www.oslivade.si\/index.php?rest_route=%2Fwp%2Fv2%2Fcategories&post=18215"},{"taxonomy":"post_tag","embeddable":true,"href":"https:\/\/www.oslivade.si\/index.php?rest_route=%2Fwp%2Fv2%2Ftags&post=18215"}],"curies":[{"name":"wp","href":"https:\/\/api.w.org\/{rel}","templated":true}]}}