{"id":1920,"date":"2018-11-13T15:36:41","date_gmt":"2018-11-13T13:36:41","guid":{"rendered":"http:\/\/91.220.156.17\/?p=1920"},"modified":"2018-11-28T10:22:41","modified_gmt":"2018-11-28T08:22:41","slug":"odpoved-govorilnih-ur","status":"publish","type":"post","link":"https:\/\/www.oslivade.si\/?p=1920","title":{"rendered":"Odpoved govorilnih ur"},"content":{"rendered":"<p>Spo\u0161tovani star\u0161i<\/p>\n<p>pri u\u010diteljicah Biserki Grabar, Ivici \u0160i\u0161ko, Petri Jej\u010di\u010d, Mojci Pav\u0161i\u010d in Karmen Bubni\u010d govorilne ure v \u010detrtek, 15. 11. 2018, odpadejo.<\/p>\n<p>U\u010diteljica Petra Jej\u010di\u010d bo imela govorilne ure v \u010detrtek, 22. 11. 2018, od 15.45 do 16.45, u\u010diteljica Mojca Pav\u0161i\u010d v \u010detrtek, 22. 11. 2018, od 16.00 do 18.00 in u\u010diteljica Karmen Bubni\u010d v \u010detrtek, 22. 11. 2018, od 16.30 do 18.30.<\/p>\n<p>U\u010diteljica Ingrid Knez bo tudi odsotna. Govorilne ure za 6. a bo imela nadomestna razredni\u010darka Karmen Bubni\u010d v \u010detrtek, 22. 11. 2018, od 16.30 do 18.30.<\/p>\n<p>Lep pozdrav.<\/p>\n","protected":false},"excerpt":{"rendered":"<p>Spo\u0161tovani star\u0161i pri u\u010diteljicah Biserki Grabar, Ivici \u0160i\u0161ko, Petri Jej\u010di\u010d, Mojci Pav\u0161i\u010d in Karmen Bubni\u010d govorilne ure v \u010detrtek, 15.&nbsp;<a href=\"https:\/\/www.oslivade.si\/?p=1920\">&hellip;<\/a><\/p>\n","protected":false},"author":1,"featured_media":1922,"comment_status":"closed","ping_status":"closed","sticky":false,"template":"","format":"standard","meta":{"ngg_post_thumbnail":0,"footnotes":""},"categories":[3,24],"tags":[],"class_list":["post-1920","post","type-post","status-publish","format-standard","has-post-thumbnail","hentry","category-novice","category-novice2018","odd"],"_links":{"self":[{"href":"https:\/\/www.oslivade.si\/index.php?rest_route=\/wp\/v2\/posts\/1920"}],"collection":[{"href":"https:\/\/www.oslivade.si\/index.php?rest_route=\/wp\/v2\/posts"}],"about":[{"href":"https:\/\/www.oslivade.si\/index.php?rest_route=\/wp\/v2\/types\/post"}],"author":[{"embeddable":true,"href":"https:\/\/www.oslivade.si\/index.php?rest_route=\/wp\/v2\/users\/1"}],"replies":[{"embeddable":true,"href":"https:\/\/www.oslivade.si\/index.php?rest_route=%2Fwp%2Fv2%2Fcomments&post=1920"}],"version-history":[{"count":1,"href":"https:\/\/www.oslivade.si\/index.php?rest_route=\/wp\/v2\/posts\/1920\/revisions"}],"predecessor-version":[{"id":1921,"href":"https:\/\/www.oslivade.si\/index.php?rest_route=\/wp\/v2\/posts\/1920\/revisions\/1921"}],"wp:featuredmedia":[{"embeddable":true,"href":"https:\/\/www.oslivade.si\/index.php?rest_route=\/wp\/v2\/media\/1922"}],"wp:attachment":[{"href":"https:\/\/www.oslivade.si\/index.php?rest_route=%2Fwp%2Fv2%2Fmedia&parent=1920"}],"wp:term":[{"taxonomy":"category","embeddable":true,"href":"https:\/\/www.oslivade.si\/index.php?rest_route=%2Fwp%2Fv2%2Fcategories&post=1920"},{"taxonomy":"post_tag","embeddable":true,"href":"https:\/\/www.oslivade.si\/index.php?rest_route=%2Fwp%2Fv2%2Ftags&post=1920"}],"curies":[{"name":"wp","href":"https:\/\/api.w.org\/{rel}","templated":true}]}}