{"id":4131,"date":"2018-12-04T14:59:21","date_gmt":"2018-12-04T12:59:21","guid":{"rendered":"http:\/\/91.220.156.17\/?p=4131"},"modified":"2018-12-05T16:16:34","modified_gmt":"2018-12-05T14:16:34","slug":"3-mesto-na-tekmovanju-akrobatike-za-mlajse-deklice","status":"publish","type":"post","link":"https:\/\/www.oslivade.si\/?p=4131","title":{"rendered":"3. mesto na\u0161ih mlaj\u0161ih deklic na finalnem tekmovanju iz akrobatike"},"content":{"rendered":"<p>V torek, 4. 12. 2018, smo se udele\u017eili dr\u017eavnega finala iz akrobatike v \u0161portni dvorani O\u0160 Bre\u017eice.<\/p>\n<p>Dolga pot na drugi konec Slovenije in zgodnja ura odhoda ni bila ovira za na\u0161e tekmovalke. Mlaj\u0161e deklice v zasedbi <strong>Elis Stupar, Tiana Br\u010dina, Eva Kav\u010di\u010d, Anja Zornada in Pika Vuk<\/strong> so med hudo konkurenco gimnasti\u010dark iz vse Slovenije dosegle <strong>odli\u010dno 3. mesto<\/strong> in upravi\u010dile visoko uvrstitev s polfinalnega tekmovanja v Kopru. Gimnasti\u010darje in gimnasti\u010darke \u010daka \u0161e tekmovanje iz skokov z male pro\u017ene ponjave v februarju ter orodne gimnastike v mesecu maju.<\/p>\n<p>\u010cestitamo!<\/p>\n<p>U\u010diteljica Sta\u0161a<\/p>\n","protected":false},"excerpt":{"rendered":"<p>V torek, 4. 12. 2018, smo se udele\u017eili dr\u017eavnega finala iz akrobatike v \u0161portni dvorani O\u0160 Bre\u017eice. Dolga pot na&nbsp;<a href=\"https:\/\/www.oslivade.si\/?p=4131\">&hellip;<\/a><\/p>\n","protected":false},"author":1,"featured_media":4132,"comment_status":"closed","ping_status":"closed","sticky":false,"template":"","format":"standard","meta":{"ngg_post_thumbnail":0,"footnotes":""},"categories":[3,24],"tags":[],"class_list":["post-4131","post","type-post","status-publish","format-standard","has-post-thumbnail","hentry","category-novice","category-novice2018","odd"],"_links":{"self":[{"href":"https:\/\/www.oslivade.si\/index.php?rest_route=\/wp\/v2\/posts\/4131"}],"collection":[{"href":"https:\/\/www.oslivade.si\/index.php?rest_route=\/wp\/v2\/posts"}],"about":[{"href":"https:\/\/www.oslivade.si\/index.php?rest_route=\/wp\/v2\/types\/post"}],"author":[{"embeddable":true,"href":"https:\/\/www.oslivade.si\/index.php?rest_route=\/wp\/v2\/users\/1"}],"replies":[{"embeddable":true,"href":"https:\/\/www.oslivade.si\/index.php?rest_route=%2Fwp%2Fv2%2Fcomments&post=4131"}],"version-history":[{"count":6,"href":"https:\/\/www.oslivade.si\/index.php?rest_route=\/wp\/v2\/posts\/4131\/revisions"}],"predecessor-version":[{"id":4145,"href":"https:\/\/www.oslivade.si\/index.php?rest_route=\/wp\/v2\/posts\/4131\/revisions\/4145"}],"wp:featuredmedia":[{"embeddable":true,"href":"https:\/\/www.oslivade.si\/index.php?rest_route=\/wp\/v2\/media\/4132"}],"wp:attachment":[{"href":"https:\/\/www.oslivade.si\/index.php?rest_route=%2Fwp%2Fv2%2Fmedia&parent=4131"}],"wp:term":[{"taxonomy":"category","embeddable":true,"href":"https:\/\/www.oslivade.si\/index.php?rest_route=%2Fwp%2Fv2%2Fcategories&post=4131"},{"taxonomy":"post_tag","embeddable":true,"href":"https:\/\/www.oslivade.si\/index.php?rest_route=%2Fwp%2Fv2%2Ftags&post=4131"}],"curies":[{"name":"wp","href":"https:\/\/api.w.org\/{rel}","templated":true}]}}