{"id":4281,"date":"2019-01-03T10:59:42","date_gmt":"2019-01-03T08:59:42","guid":{"rendered":"http:\/\/www.oslivade.si\/?p=4281"},"modified":"2019-01-10T11:45:50","modified_gmt":"2019-01-10T09:45:50","slug":"polfinalno-tekmovanje-v-akrobatiki","status":"publish","type":"post","link":"https:\/\/www.oslivade.si\/?p=4281","title":{"rendered":"Polfinalno tekmovanje v Akrobatiki"},"content":{"rendered":"<p>V ponedeljek, 26. 11. 2018, smo se udele\u017eili dr\u017eavnega polfinala v akrobatiki v \u0161portni dvorani na O\u0160 Du\u0161ana Bordona v Kopru. Mlaj\u0161e deklice v zasedbi Elis Stupar, Tiana Br\u010dina, Anja Zornada, Pika Vuk in Eva Kav\u010di\u010d so opozorile nase, osvojile prvo mesto in napovedale preboj med najbolj\u0161e tri ekipe v Sloveniji. Med posameznicami sta tretje mesto osvojili Pika Vuk in Anja Zornada. Med mlaj\u0161imi deklicami se je odli\u010dno odrezala tudi druga ekipa \u0161ole (Sta\u0161a \u0160mitran, Ur\u0161ka Bo\u017ei\u010d, Gaja Pavlica, Hana Poropat, Melani Mo\u010dnik).<\/p>\n<p>Ekipa na\u0161ih najmlaj\u0161ih, ki so jo sestavljale Karla Matekovi\u010d, Ma\u0161a Pi\u017eent, Ma\u0161a Majerle Jurkovi\u010d, Ema Akrapovi\u010d, Sofija \u0160mitran in Maja Peri\u010d so nas razveselile z delitvijo drugega mesta.<\/p>\n<p>\u0160olo je zastopala tudi ekipa fantov in sicer najmlaj\u0161i de\u010dki , Alen Tito Vadnov, Jan Kau\u010di\u010d, Rok Pi\u017eent in Dane Kljun, ki so stopili na najvi\u0161jo stopni\u010dko. Dane Kljun je med posamezniki dosegel najbolj\u0161i rezultat, dru\u017ebo mu je delal Rok Pi\u017eent na tretjem mestu.<\/p>\n<p>Iskrene \u010destitke \u0161portnicam in \u0161portnikom ter mentorici Sta\u0161i Jug in Ani \u0160krbina, ki uspe\u0161no vodita gimnasti\u010dni kro\u017eek na \u0161oli. Ob tem velja omeniti, da nekatera dekleta pridno in vztrajno trenirajo v obalnih gimnasti\u010dnih klubih.<\/p>\n<p>Fantje in dekleta pridno vadijo naprej, saj jih \u010daka tekmovanje na mali pro\u017eni ponjavi v mesecu februarju.<\/p>\n<p>Sre\u010dno!<\/p>\n<p>\u0160portni aktiv<\/p>\nngg_shortcode_0_placeholder\n","protected":false},"excerpt":{"rendered":"<p>V ponedeljek, 26. 11. 2018, smo se udele\u017eili dr\u017eavnega polfinala v akrobatiki v \u0161portni dvorani na O\u0160 Du\u0161ana Bordona v&nbsp;<a href=\"https:\/\/www.oslivade.si\/?p=4281\">&hellip;<\/a><\/p>\n","protected":false},"author":1,"featured_media":4282,"comment_status":"closed","ping_status":"closed","sticky":false,"template":"","format":"standard","meta":{"ngg_post_thumbnail":0,"footnotes":""},"categories":[3,28],"tags":[],"class_list":["post-4281","post","type-post","status-publish","format-standard","has-post-thumbnail","hentry","category-novice","category-novice2019","odd"],"_links":{"self":[{"href":"https:\/\/www.oslivade.si\/index.php?rest_route=\/wp\/v2\/posts\/4281"}],"collection":[{"href":"https:\/\/www.oslivade.si\/index.php?rest_route=\/wp\/v2\/posts"}],"about":[{"href":"https:\/\/www.oslivade.si\/index.php?rest_route=\/wp\/v2\/types\/post"}],"author":[{"embeddable":true,"href":"https:\/\/www.oslivade.si\/index.php?rest_route=\/wp\/v2\/users\/1"}],"replies":[{"embeddable":true,"href":"https:\/\/www.oslivade.si\/index.php?rest_route=%2Fwp%2Fv2%2Fcomments&post=4281"}],"version-history":[{"count":1,"href":"https:\/\/www.oslivade.si\/index.php?rest_route=\/wp\/v2\/posts\/4281\/revisions"}],"predecessor-version":[{"id":4296,"href":"https:\/\/www.oslivade.si\/index.php?rest_route=\/wp\/v2\/posts\/4281\/revisions\/4296"}],"wp:featuredmedia":[{"embeddable":true,"href":"https:\/\/www.oslivade.si\/index.php?rest_route=\/wp\/v2\/media\/4282"}],"wp:attachment":[{"href":"https:\/\/www.oslivade.si\/index.php?rest_route=%2Fwp%2Fv2%2Fmedia&parent=4281"}],"wp:term":[{"taxonomy":"category","embeddable":true,"href":"https:\/\/www.oslivade.si\/index.php?rest_route=%2Fwp%2Fv2%2Fcategories&post=4281"},{"taxonomy":"post_tag","embeddable":true,"href":"https:\/\/www.oslivade.si\/index.php?rest_route=%2Fwp%2Fv2%2Ftags&post=4281"}],"curies":[{"name":"wp","href":"https:\/\/api.w.org\/{rel}","templated":true}]}}